{"id":2873,"date":"2022-09-14T17:24:53","date_gmt":"2022-09-14T15:24:53","guid":{"rendered":"https:\/\/www.lesetuismirault.fr\/2762\/"},"modified":"2024-02-06T11:33:36","modified_gmt":"2024-02-06T10:33:36","slug":"actu-sept-2022","status":"publish","type":"post","link":"https:\/\/www.lesetuismirault.fr\/en\/actu-sept-2022\/","title":{"rendered":"ACTUALITES N\u00b01 \/ septembre 2022"},"content":{"rendered":"<div class=\"wpb-content-wrapper\"><p>[vc_row full_width=&#8221;stretch_row&#8221; css=&#8221;.vc_custom_1658756574911{background-color: #f4f3f1 !important;}&#8221;][vc_column][ekenteteimage image_id=&#8221;2829&#8243;][\/vc_column][\/vc_row][vc_row][vc_column][vc_column_text]<\/p>\n<h1><span style=\"color: #ef4f95;\">ACTUALIT\u00c9S N\u00b01<br \/>\n<\/span><\/h1>\n<p><span style=\"color: #ef4f95;\"><span style=\"color: #b2ab9f;\">septembre 2022<\/span><br \/>\n<\/span><\/p>\n<hr \/>\n<h1><\/h1>\n<p>[\/vc_column_text][ektitresimple the_title=&#8221;Le Luxe Pack Monaco approche !&#8221; title_type=&#8221;h1&#8243;][\/vc_column][\/vc_row][vc_row][vc_column][ekrowimageside image_side=&#8221;image_right&#8221; title_color=&#8221;gris-menu&#8221; text_color=&#8221;gris-banner&#8221; image_id=&#8221;2773&#8243;][ektitresimple the_title=&#8221;Pour Les Etuis Mirault, Fabriquant de packaging textile, c\u2019est le moment de vous pr\u00e9senter nos nouveaut\u00e9s.&#8221; title_color=&#8221;gris-banner&#8221; css=&#8221;.vc_custom_1663333723601{margin-top: 20px !important;margin-bottom: 20px !important;}&#8221;][vc_column_text]<span style=\"color: #89857b;\"><strong>Du 3 au 5 octobre, nous aurons le plaisir de vous accueillir sur notre <\/strong><strong>Stand E20 Hall Esplanade<\/strong>.<\/span><\/p>\n<p><span style=\"color: #89857b;\">Quelle belle occasion pour vous pr\u00e9senter nos nouveaut\u00e9s :<\/span><\/p>\n<ul>\n<li><span style=\"color: #89857b;\"><strong>Nos mati\u00e8res respectueuses de l\u2019environnement<\/strong> : Le Lin, le coton biologique, le jacquard en fibres recycl\u00e9es,\u2026<\/span><\/li>\n<li><span style=\"color: #89857b;\"><strong>Nos mati\u00e8res dites classiques<\/strong> : le coton, le floc, le satin\u2026<\/span><\/li>\n<li><span style=\"color: #89857b;\"><strong>Et la trousse, le packaging le plus tendance &#8211; un ind\u00e9modable.<\/strong><\/span><\/li>\n<\/ul>\n<p><span style=\"color: #89857b;\">Dans un souci d\u2019optimisation des temps de confection, nous vous proposons des trousses en semi-automatique : une exclusivit\u00e9 Les Etuis Mirault avec un process innovant alliant le savoir-faire traditionnel de la couture et le passage en automatisation.<\/span><br \/>\n<span style=\"color: #89857b;\">Grace \u00e0 ce nouveau proc\u00e9d\u00e9, la trousse personnalis\u00e9e Made in France by Les \u00c9tuis Mirault vous sera propos\u00e9e \u00e0 des prix proches d\u2019une production Asie.<\/span><\/p>\n<p><span style=\"color: #89857b;\">Mais n\u2019oublions pas que <strong>Le Luxe Pack de Monaco<\/strong> se veut \u00eatre un espace de dialogues et de rencontres privil\u00e9gi\u00e9s entre les fabricants de packaging de luxe et leurs clients.<\/span><br \/>\n<span style=\"color: #89857b;\">C\u2019est pourquoi, pour cette \u00e9dition 2022 nous souhaitons organiser <strong>des rendez-vous personnalis\u00e9s<\/strong> afin de vous consacrer <strong>un moment unique<\/strong>.<\/span><\/p>\n<p><span style=\"color: #89857b;\">Prenez rendez-vous avec nos commerciales pour r\u00e9server votre meeting.<\/span>[\/vc_column_text][ekbtnicone the_text=&#8221;Contactez nous&#8221; text_color=&#8221;accent-rose&#8221; row_align=&#8221;center&#8221; border_color=&#8221;accent-rose&#8221; icon_img=&#8221;click&#8221; link=&#8221;url:https%3A%2F%2Fwww.lesetuismirault.fr%2Fcontact%2F|title:contact&#8221; css=&#8221;.vc_custom_1663580198603{margin-bottom: 20px !important;}&#8221;][vc_column_text]L\u2019ann\u00e9e 2023 sera l\u2019ann\u00e9e de tous les d\u00e9fis pour les marques de luxe qui souhaitent ramener leurs productions de packaging en France.<br \/>\nLes \u00c9tuis Mirault, forts de nos 153 ans de savoir-faire dans le packaging sur mesure fabriqu\u00e9 en France vous apportent une solution vertueuse pour l\u2019environnement.<\/p>\n<p>Longtemps relay\u00e9 au rang de packaging secondaire, le packaging souple, en r\u00e9pondant \u00e0 une v\u00e9ritable demande des consommateurs se hisse aujourd\u2019hui au rang de packaging primaire.<br \/>\nDans nos 2 ateliers de production situ\u00e9s proche de Paris, 280 personnes \u0153uvrent chaque jour pour fabriquer vos packagings sur-mesure : pr\u00e8s de 10 000 000 de pochons, trousses, \u00e9tuis \u00e0 bouteille, sacs, housses \u00e0 chaussures, tabliers, housses \u00e0 v\u00eatements, coussins et inserts \u00e0 bijoux sortent de nos ateliers.<br \/>\nMais qu\u2019en est-il des tissus que nous utilisons ? Le coton fran\u00e7ais provient pour 90% de tisseurs fran\u00e7ais labelis\u00e9s \u00ab <strong>Vosges Terre Textile<\/strong> \u00bb.<br \/>\nNos autres mati\u00e8res proviennent de partenaires Europ\u00e9ens et M\u00e9diterran\u00e9ens : Allemagne, Espagne, Italie, Portugal,\u2026[\/vc_column_text][\/ekrowimageside][\/vc_column][\/vc_row][vc_row][vc_column][ekrowseparrosace icon_color=&#8221;gray&#8221; bg_color=&#8221;white&#8221;][\/vc_column][\/vc_row][vc_row][vc_column][ekrowimageside bg_color=&#8221;gris-dark&#8221; title_color=&#8221;white&#8221; text_color=&#8221;white&#8221; image_id=&#8221;1541&#8243;][ektitresimple the_title=&#8221;Et vous c\u00f4t\u00e9 mati\u00e8re, \u00eates-vous plut\u00f4t Lin ou Coton ?&#8221; css=&#8221;.vc_custom_1663170256475{margin-top: 20px !important;margin-bottom: 20px !important;}&#8221;][vc_column_text]<strong><span style=\"color: #ef4f95;\">La France est le 1er producteur mondial de fibres de LIN<\/span> avec plus de 75 000 hectares r\u00e9partis sur l\u2019ensemble de l\u2019hexagone.<\/strong><\/p>\n<p>Aujourd\u2019hui, selon la Conf\u00e9d\u00e9ration europ\u00e9enne du lin et du chanvre (CELC), on compte 6 500 liniculteurs en France. Et oui, pour produire 160\u00a0000 tonnes de lin par an, il faut de la main d\u2019\u0153uvre\u00a0et les lieux\u00a0: plus de 12 \u00e9tablissements de teillage de lin se trouvent en France.<br \/>\nUn savoir faire unique qui demande attention et patience.<br \/>\nLe pochon, le totebag ou la trousse en Lin, une vraie r\u00e9ponse \u00e0 vos attentes \u00e9co responsables ![\/vc_column_text][ekbtnicone the_text=&#8221;Voir les mati\u00e8res<br \/>\nnaturelles&#8221; text_color=&#8221;white&#8221; row_align=&#8221;center&#8221; icon_color=&#8221;white&#8221; link=&#8221;url:https%3A%2F%2Fwww.lesetuismirault.fr%2Fmatieres%2Fmatieres-naturelles%2F|title:Mati%C3%A8res%20naturelles&#8221; css=&#8221;.vc_custom_1663170860302{margin-bottom: 20px !important;}&#8221;][\/ekrowimageside][\/vc_column][\/vc_row][vc_row][vc_column][ekrowimageside bg_color=&#8221;accent-bleu&#8221; image_side=&#8221;image_right&#8221; title_color=&#8221;gris-light&#8221; text_color=&#8221;white&#8221; image_id=&#8221;1609&#8243;][ektitresimple the_title=&#8221;Le coton, c\u2019est la fibre naturelle v\u00e9g\u00e9tale la plus produite et utilis\u00e9e \u00e0 l\u2019\u00e9chelle globale.&#8221; title_color=&#8221;gris-light&#8221; css=&#8221;.vc_custom_1663170374232{margin-top: 20px !important;margin-bottom: 20px !important;}&#8221;][vc_column_text css=&#8221;.vc_custom_1663233869307{margin-top: 40px !important;margin-bottom: 60px !important;}&#8221;]Souple, douce et si facile \u00e0 travailler qu\u2019elle est privil\u00e9gi\u00e9e pour tous les packagings souples : sac et totebag, pochon, trousse, et tant d\u2019autres possibilit\u00e9s.\u2028 Le coton repr\u00e9sente environ 40% des mati\u00e8res textiles utilis\u00e9es.<br \/>\nCe sont en moyenne 26 millions de tonnes de coton qui sont produits chaque ann\u00e9e.<\/p>\n<p><strong>Mais la culture du coton a-t-elle vraiment besoin de beaucoup d\u2019eau ?<\/strong><\/p>\n<p>Non, l&#8217;agriculture dans son ensemble est responsable d&#8217;environ 70 % de la consommation mondiale d&#8217;eau. \u2028Le coton quant \u00e0 lui ne repr\u00e9sente que 3 % de l&#8217;agriculture mondiale, ce qui correspond \u00e0 peu pr\u00e8s \u00e0 la superficie qu&#8217;il occupe. \u2028C&#8217;est une plante exceptionnellement r\u00e9sistante \u00e0 la s\u00e9cheresse qui est cultiv\u00e9e en particulier dans les r\u00e9gions arides et s\u00e8ches, car elle produit \u00e9galement des rendements l\u00e0 o\u00f9 les autres cultures ne poussent plus.<\/p>\n<p>Et pour plus de d\u00e9tails sur les mati\u00e8res que nous utilisons, naviguez sur notre nouveau site Les \u00c9tuis Mirault.[\/vc_column_text][ekbtnicone the_text=&#8221;Voir les mati\u00e8res<br \/>\nque nous utilisons&#8221; text_color=&#8221;white&#8221; row_align=&#8221;center&#8221; border_color=&#8221;gris-dark&#8221; icon_color=&#8221;white&#8221; link=&#8221;url:https%3A%2F%2Fwww.lesetuismirault.fr%2Fmatieres%2F|title:Mati%C3%A8res&#8221; css=&#8221;.vc_custom_1663170870128{margin-bottom: 20px !important;}&#8221;][\/ekrowimageside][\/vc_column][\/vc_row][vc_row css=&#8221;.vc_custom_1663172180171{padding-top: 30px !important;padding-bottom: 30px !important;}&#8221;][vc_column width=&#8221;1\/3&#8243;][\/vc_column][vc_column width=&#8221;1\/3&#8243;][ekrowseparrosace icon_color=&#8221;gray&#8221;][\/vc_column][vc_column width=&#8221;1\/3&#8243;][ekbtnicone the_text=&#8221;Nos actualit\u00e9s&#8221; border_color=&#8221;gris-dark&#8221; icon_img=&#8221;actu&#8221; icon_color=&#8221;gris-text&#8221; icon_with_bg=&#8221;true&#8221; link=&#8221;url:https%3A%2F%2Fwww.lesetuismirault.fr%2Factualites%2F|title:Actualit%C3%A9s&#8221;][\/vc_column][\/vc_row]<\/p>\n<\/div>","protected":false},"excerpt":{"rendered":"<p>[vc_row full_width=&#8221;stretch_row&#8221; css=&#8221;.vc_custom_1658756574911{background-color: #f4f3f1 !important;}&#8221;][vc_column][ekenteteimage image_id=&#8221;2829&#8243;][\/vc_column][\/vc_row][vc_row][vc_column][vc_column_text] ACTUALIT\u00c9S N\u00b01 septembre 2022 [\/vc_column_text][ektitresimple the_title=&#8221;Le Luxe Pack Monaco approche !&#8221; title_type=&#8221;h1&#8243;][\/vc_column][\/vc_row][vc_row][vc_column][ekrowimageside image_side=&#8221;image_right&#8221; title_color=&#8221;gris-menu&#8221; text_color=&#8221;gris-banner&#8221; image_id=&#8221;2773&#8243;][ektitresimple the_title=&#8221;Pour Les Etuis Mirault, Fabriquant de packaging textile, c\u2019est le moment de vous pr\u00e9senter nos nouveaut\u00e9s.&#8221; title_color=&#8221;gris-banner&#8221; css=&#8221;.vc_custom_1663333723601{margin-top: 20px !important;margin-bottom: 20px !important;}&#8221;][vc_column_text]Du 3 au 5 octobre, nous aurons le plaisir de vous accueillir \/&#8230;<\/p>\n","protected":false},"author":2,"featured_media":2836,"comment_status":"closed","ping_status":"closed","sticky":false,"template":"","format":"standard","meta":{"inline_featured_image":false,"footnotes":""},"categories":[4],"tags":[],"class_list":["post-2873","post","type-post","status-publish","format-standard","has-post-thumbnail","hentry","category-uncategorized"],"yoast_head":"<!-- This site is optimized with the Yoast SEO plugin v24.8.1 - https:\/\/yoast.com\/wordpress\/plugins\/seo\/ -->\n<title>ACTUALITES N\u00b01 \/ septembre 2022 - Les Etuis Mirault<\/title>\n<meta name=\"robots\" content=\"index, follow, max-snippet:-1, max-image-preview:large, max-video-preview:-1\" \/>\n<link rel=\"canonical\" href=\"https:\/\/www.lesetuismirault.fr\/en\/actu-sept-2022\/\" \/>\n<meta property=\"og:locale\" content=\"en_US\" \/>\n<meta property=\"og:type\" content=\"article\" \/>\n<meta property=\"og:title\" content=\"ACTUALITES N\u00b01 \/ septembre 2022 - Les Etuis Mirault\" \/>\n<meta property=\"og:description\" content=\"[vc_row full_width=&#8221;stretch_row&#8221; css=&#8221;.vc_custom_1658756574911{background-color: #f4f3f1 !important;}&#8221;][vc_column][ekenteteimage image_id=&#8221;2829&#8243;][\/vc_column][\/vc_row][vc_row][vc_column][vc_column_text] ACTUALIT\u00c9S N\u00b01 septembre 2022 [\/vc_column_text][ektitresimple the_title=&#8221;Le Luxe Pack Monaco approche !&#8221; title_type=&#8221;h1&#8243;][\/vc_column][\/vc_row][vc_row][vc_column][ekrowimageside image_side=&#8221;image_right&#8221; title_color=&#8221;gris-menu&#8221; text_color=&#8221;gris-banner&#8221; image_id=&#8221;2773&#8243;][ektitresimple the_title=&#8221;Pour Les Etuis Mirault, Fabriquant de packaging textile, c\u2019est le moment de vous pr\u00e9senter nos nouveaut\u00e9s.&#8221; title_color=&#8221;gris-banner&#8221; css=&#8221;.vc_custom_1663333723601{margin-top: 20px !important;margin-bottom: 20px !important;}&#8221;][vc_column_text]Du 3 au 5 octobre, nous aurons le plaisir de vous accueillir \/...\" \/>\n<meta property=\"og:url\" content=\"https:\/\/www.lesetuismirault.fr\/en\/actu-sept-2022\/\" \/>\n<meta property=\"og:site_name\" content=\"Les Etuis Mirault\" \/>\n<meta property=\"article:published_time\" content=\"2022-09-14T15:24:53+00:00\" \/>\n<meta property=\"article:modified_time\" content=\"2024-02-06T10:33:36+00:00\" \/>\n<meta property=\"og:image\" content=\"https:\/\/www.lesetuismirault.fr\/wp-content\/uploads\/2022\/09\/TEASING.jpg\" \/>\n\t<meta property=\"og:image:width\" content=\"500\" \/>\n\t<meta property=\"og:image:height\" content=\"500\" \/>\n\t<meta property=\"og:image:type\" content=\"image\/jpeg\" \/>\n<meta name=\"author\" content=\"gregoire\" \/>\n<meta name=\"twitter:card\" content=\"summary_large_image\" \/>\n<meta name=\"twitter:label1\" content=\"Written by\" \/>\n\t<meta name=\"twitter:data1\" content=\"gregoire\" \/>\n\t<meta name=\"twitter:label2\" content=\"Est. reading time\" \/>\n\t<meta name=\"twitter:data2\" content=\"5 minutes\" \/>\n<script type=\"application\/ld+json\" class=\"yoast-schema-graph\">{\"@context\":\"https:\/\/schema.org\",\"@graph\":[{\"@type\":\"WebPage\",\"@id\":\"https:\/\/www.lesetuismirault.fr\/en\/actu-sept-2022\/\",\"url\":\"https:\/\/www.lesetuismirault.fr\/en\/actu-sept-2022\/\",\"name\":\"ACTUALITES N\u00b01 \/ septembre 2022 - Les Etuis Mirault\",\"isPartOf\":{\"@id\":\"https:\/\/www.lesetuismirault.fr\/en\/#website\"},\"primaryImageOfPage\":{\"@id\":\"https:\/\/www.lesetuismirault.fr\/en\/actu-sept-2022\/#primaryimage\"},\"image\":{\"@id\":\"https:\/\/www.lesetuismirault.fr\/en\/actu-sept-2022\/#primaryimage\"},\"thumbnailUrl\":\"https:\/\/www.lesetuismirault.fr\/wp-content\/uploads\/2022\/09\/TEASING.jpg\",\"datePublished\":\"2022-09-14T15:24:53+00:00\",\"dateModified\":\"2024-02-06T10:33:36+00:00\",\"author\":{\"@id\":\"https:\/\/www.lesetuismirault.fr\/en\/#\/schema\/person\/5c47968c9c781ac383a2dda15e8de768\"},\"breadcrumb\":{\"@id\":\"https:\/\/www.lesetuismirault.fr\/en\/actu-sept-2022\/#breadcrumb\"},\"inLanguage\":\"en-US\",\"potentialAction\":[{\"@type\":\"ReadAction\",\"target\":[\"https:\/\/www.lesetuismirault.fr\/en\/actu-sept-2022\/\"]}]},{\"@type\":\"ImageObject\",\"inLanguage\":\"en-US\",\"@id\":\"https:\/\/www.lesetuismirault.fr\/en\/actu-sept-2022\/#primaryimage\",\"url\":\"https:\/\/www.lesetuismirault.fr\/wp-content\/uploads\/2022\/09\/TEASING.jpg\",\"contentUrl\":\"https:\/\/www.lesetuismirault.fr\/wp-content\/uploads\/2022\/09\/TEASING.jpg\",\"width\":500,\"height\":500},{\"@type\":\"BreadcrumbList\",\"@id\":\"https:\/\/www.lesetuismirault.fr\/en\/actu-sept-2022\/#breadcrumb\",\"itemListElement\":[{\"@type\":\"ListItem\",\"position\":1,\"name\":\"Accueil\",\"item\":\"https:\/\/www.lesetuismirault.fr\/en\/\"},{\"@type\":\"ListItem\",\"position\":2,\"name\":\"ACTUALITES N\u00b01 \/ septembre 2022\"}]},{\"@type\":\"WebSite\",\"@id\":\"https:\/\/www.lesetuismirault.fr\/en\/#website\",\"url\":\"https:\/\/www.lesetuismirault.fr\/en\/\",\"name\":\"Les Etuis Mirault\",\"description\":\"Le Savoir-faire Cr\u00e9ateur\",\"potentialAction\":[{\"@type\":\"SearchAction\",\"target\":{\"@type\":\"EntryPoint\",\"urlTemplate\":\"https:\/\/www.lesetuismirault.fr\/en\/?s={search_term_string}\"},\"query-input\":{\"@type\":\"PropertyValueSpecification\",\"valueRequired\":true,\"valueName\":\"search_term_string\"}}],\"inLanguage\":\"en-US\"},{\"@type\":\"Person\",\"@id\":\"https:\/\/www.lesetuismirault.fr\/en\/#\/schema\/person\/5c47968c9c781ac383a2dda15e8de768\",\"name\":\"gregoire\",\"url\":\"https:\/\/www.lesetuismirault.fr\/en\/author\/gregoire\/\"}]}<\/script>\n<!-- \/ Yoast SEO plugin. -->","yoast_head_json":{"title":"ACTUALITES N\u00b01 \/ septembre 2022 - Les Etuis Mirault","robots":{"index":"index","follow":"follow","max-snippet":"max-snippet:-1","max-image-preview":"max-image-preview:large","max-video-preview":"max-video-preview:-1"},"canonical":"https:\/\/www.lesetuismirault.fr\/en\/actu-sept-2022\/","og_locale":"en_US","og_type":"article","og_title":"ACTUALITES N\u00b01 \/ septembre 2022 - Les Etuis Mirault","og_description":"[vc_row full_width=&#8221;stretch_row&#8221; css=&#8221;.vc_custom_1658756574911{background-color: #f4f3f1 !important;}&#8221;][vc_column][ekenteteimage image_id=&#8221;2829&#8243;][\/vc_column][\/vc_row][vc_row][vc_column][vc_column_text] ACTUALIT\u00c9S N\u00b01 septembre 2022 [\/vc_column_text][ektitresimple the_title=&#8221;Le Luxe Pack Monaco approche !&#8221; title_type=&#8221;h1&#8243;][\/vc_column][\/vc_row][vc_row][vc_column][ekrowimageside image_side=&#8221;image_right&#8221; title_color=&#8221;gris-menu&#8221; text_color=&#8221;gris-banner&#8221; image_id=&#8221;2773&#8243;][ektitresimple the_title=&#8221;Pour Les Etuis Mirault, Fabriquant de packaging textile, c\u2019est le moment de vous pr\u00e9senter nos nouveaut\u00e9s.&#8221; title_color=&#8221;gris-banner&#8221; css=&#8221;.vc_custom_1663333723601{margin-top: 20px !important;margin-bottom: 20px !important;}&#8221;][vc_column_text]Du 3 au 5 octobre, nous aurons le plaisir de vous accueillir \/...","og_url":"https:\/\/www.lesetuismirault.fr\/en\/actu-sept-2022\/","og_site_name":"Les Etuis Mirault","article_published_time":"2022-09-14T15:24:53+00:00","article_modified_time":"2024-02-06T10:33:36+00:00","og_image":[{"width":500,"height":500,"url":"https:\/\/www.lesetuismirault.fr\/wp-content\/uploads\/2022\/09\/TEASING.jpg","type":"image\/jpeg"}],"author":"gregoire","twitter_card":"summary_large_image","twitter_misc":{"Written by":"gregoire","Est. reading time":"5 minutes"},"schema":{"@context":"https:\/\/schema.org","@graph":[{"@type":"WebPage","@id":"https:\/\/www.lesetuismirault.fr\/en\/actu-sept-2022\/","url":"https:\/\/www.lesetuismirault.fr\/en\/actu-sept-2022\/","name":"ACTUALITES N\u00b01 \/ septembre 2022 - Les Etuis Mirault","isPartOf":{"@id":"https:\/\/www.lesetuismirault.fr\/en\/#website"},"primaryImageOfPage":{"@id":"https:\/\/www.lesetuismirault.fr\/en\/actu-sept-2022\/#primaryimage"},"image":{"@id":"https:\/\/www.lesetuismirault.fr\/en\/actu-sept-2022\/#primaryimage"},"thumbnailUrl":"https:\/\/www.lesetuismirault.fr\/wp-content\/uploads\/2022\/09\/TEASING.jpg","datePublished":"2022-09-14T15:24:53+00:00","dateModified":"2024-02-06T10:33:36+00:00","author":{"@id":"https:\/\/www.lesetuismirault.fr\/en\/#\/schema\/person\/5c47968c9c781ac383a2dda15e8de768"},"breadcrumb":{"@id":"https:\/\/www.lesetuismirault.fr\/en\/actu-sept-2022\/#breadcrumb"},"inLanguage":"en-US","potentialAction":[{"@type":"ReadAction","target":["https:\/\/www.lesetuismirault.fr\/en\/actu-sept-2022\/"]}]},{"@type":"ImageObject","inLanguage":"en-US","@id":"https:\/\/www.lesetuismirault.fr\/en\/actu-sept-2022\/#primaryimage","url":"https:\/\/www.lesetuismirault.fr\/wp-content\/uploads\/2022\/09\/TEASING.jpg","contentUrl":"https:\/\/www.lesetuismirault.fr\/wp-content\/uploads\/2022\/09\/TEASING.jpg","width":500,"height":500},{"@type":"BreadcrumbList","@id":"https:\/\/www.lesetuismirault.fr\/en\/actu-sept-2022\/#breadcrumb","itemListElement":[{"@type":"ListItem","position":1,"name":"Accueil","item":"https:\/\/www.lesetuismirault.fr\/en\/"},{"@type":"ListItem","position":2,"name":"ACTUALITES N\u00b01 \/ septembre 2022"}]},{"@type":"WebSite","@id":"https:\/\/www.lesetuismirault.fr\/en\/#website","url":"https:\/\/www.lesetuismirault.fr\/en\/","name":"Les Etuis Mirault","description":"Le Savoir-faire Cr\u00e9ateur","potentialAction":[{"@type":"SearchAction","target":{"@type":"EntryPoint","urlTemplate":"https:\/\/www.lesetuismirault.fr\/en\/?s={search_term_string}"},"query-input":{"@type":"PropertyValueSpecification","valueRequired":true,"valueName":"search_term_string"}}],"inLanguage":"en-US"},{"@type":"Person","@id":"https:\/\/www.lesetuismirault.fr\/en\/#\/schema\/person\/5c47968c9c781ac383a2dda15e8de768","name":"gregoire","url":"https:\/\/www.lesetuismirault.fr\/en\/author\/gregoire\/"}]}},"_links":{"self":[{"href":"https:\/\/www.lesetuismirault.fr\/en\/wp-json\/wp\/v2\/posts\/2873","targetHints":{"allow":["GET"]}}],"collection":[{"href":"https:\/\/www.lesetuismirault.fr\/en\/wp-json\/wp\/v2\/posts"}],"about":[{"href":"https:\/\/www.lesetuismirault.fr\/en\/wp-json\/wp\/v2\/types\/post"}],"author":[{"embeddable":true,"href":"https:\/\/www.lesetuismirault.fr\/en\/wp-json\/wp\/v2\/users\/2"}],"replies":[{"embeddable":true,"href":"https:\/\/www.lesetuismirault.fr\/en\/wp-json\/wp\/v2\/comments?post=2873"}],"version-history":[{"count":18,"href":"https:\/\/www.lesetuismirault.fr\/en\/wp-json\/wp\/v2\/posts\/2873\/revisions"}],"predecessor-version":[{"id":2944,"href":"https:\/\/www.lesetuismirault.fr\/en\/wp-json\/wp\/v2\/posts\/2873\/revisions\/2944"}],"wp:featuredmedia":[{"embeddable":true,"href":"https:\/\/www.lesetuismirault.fr\/en\/wp-json\/wp\/v2\/media\/2836"}],"wp:attachment":[{"href":"https:\/\/www.lesetuismirault.fr\/en\/wp-json\/wp\/v2\/media?parent=2873"}],"wp:term":[{"taxonomy":"category","embeddable":true,"href":"https:\/\/www.lesetuismirault.fr\/en\/wp-json\/wp\/v2\/categories?post=2873"},{"taxonomy":"post_tag","embeddable":true,"href":"https:\/\/www.lesetuismirault.fr\/en\/wp-json\/wp\/v2\/tags?post=2873"}],"curies":[{"name":"wp","href":"https:\/\/api.w.org\/{rel}","templated":true}]}}